{"id":17053,"date":"2020-09-12T13:14:37","date_gmt":"2020-09-12T11:14:37","guid":{"rendered":"http:\/\/gemeiny.de\/wp\/?p=17053"},"modified":"2023-08-13T14:36:22","modified_gmt":"2023-08-13T12:36:22","slug":"desert-center","status":"publish","type":"post","link":"https:\/\/gemeiny.de\/site\/2020\/09\/12\/desert-center\/","title":{"rendered":"Blythe CA und Desert Center"},"content":{"rendered":"\n<div class=\"wp-block-group alignfull is-layout-constrained wp-block-group-is-layout-constrained\">\n<div class=\"wp-block-columns alignfull is-layout-flex wp-container-core-columns-is-layout-28f84493 wp-block-columns-is-layout-flex\">\n<div class=\"wp-block-column is-layout-flow wp-block-column-is-layout-flow\">\n<p>Der hei\u00dfeste Ort unserer Reise war mit Abstand Blythe. Wir stiegen am fr\u00fchen Abend aus dem Wagen und das Thermometer zeigte 47 Grad im Schatten. Die Schuhe blieben fast im weichen Asphalt kleben. Das Motel &#8222;Best Western Sahara&#8220; lockte mit sch\u00f6nem Pool, Palmen und schattigen Liegen. Leider war der Pool umgekippt und zum Schwimmen war es eh zu hei\u00df.<style type=\"text\/css\"> #gallery-1 {&amp;amp;amp;lt;br \/> margin: auto;&amp;amp;amp;lt;br \/> }&amp;amp;amp;lt;br \/> #gallery-1 .gallery-item {&amp;amp;amp;lt;br \/> float: left;&amp;amp;amp;lt;br \/> margin-top: 10px;&amp;amp;amp;lt;br \/> text-align: center;&amp;amp;amp;lt;br \/> width: 20%;&amp;amp;amp;lt;br \/> }&amp;amp;amp;lt;br \/> #gallery-1 img {&amp;amp;amp;lt;br \/> border: 2px solid #cfcfcf;&amp;amp;amp;lt;br \/> }&amp;amp;amp;lt;br \/> #gallery-1 .gallery-caption {&amp;amp;amp;lt;br \/> margin-left: 0;&amp;amp;amp;lt;br \/> }&amp;amp;amp;lt;br \/> \/* see gallery_shortcode() in wp-includes\/media.php *\/&amp;amp;amp;lt;br \/> <\/style><\/p>\n\n\n\n<p>Die Stadt in der N\u00e4he der mexikanischen Grenze ist dreckig, h\u00e4\u00dflich und staubig. Einziger Grund hier durchzufahren war f\u00fcr mich die verlassene Tankstelle Desert Center, mitten in der W\u00fcste, auf der Strecke von Blythe nach Los Angeles. D\u00fcrre und Staub haben diesen Ort gezeichnet. Einige Riesentrucks machen hier noch Pause, aber an der Tankstelle und in dem Diner \u201eFamily Cafe\u201c war schon lange niemand mehr. Die Zapfs\u00e4ulen stehen noch, sind aber von Sonne und W\u00fcstensand gealtert. Ein alter Eisenbahnwagen steht daneben und wirft die Frage auf, wie er wohl dort hin gekommen ist. In der Mittagshitze halte ich es nur kurz aus und schie\u00dfe einige Fotos, bin aber froh,schnell wieder in unserem klimatisierten Van zu sein.<\/p>\n<\/div>\n\n\n\n<div class=\"wp-block-column is-layout-flow wp-block-column-is-layout-flow\">\n<iframe loading=\"lazy\" width=\"100%\" height=\"430\" src=\"https:\/\/www.openstreetmap.org\/export\/embed.html?bbox=-115.41206359863281%2C33.21456332952905%2C-113.96942138671875%2C33.90176649398626&amp;layer=mapnik\" style=\"border: 1px solid black\"><\/iframe><br\/><small><a href=\"https:\/\/www.openstreetmap.org\/#map=11\/33.5588\/-114.6907\">Gr\u00f6\u00dfere Karte anzeigen<\/a><\/small>\n<\/div>\n<\/div>\n<\/div>\n\n\n\n<div style=\"height:100px\" aria-hidden=\"true\" class=\"wp-block-spacer\"><\/div>\n\n\n\n<div class=\"wp-block-group alignfull has-custom-farbe-3-background-color has-background is-layout-constrained wp-block-group-is-layout-constrained\">\n<div class=\"wp-block-columns alignfull is-layout-flex wp-container-core-columns-is-layout-28f84493 wp-block-columns-is-layout-flex\">\n<div class=\"wp-block-column is-layout-flow wp-block-column-is-layout-flow\">\n<figure class=\"wp-block-image aligncenter size-large\"><a href=\"https:\/\/gemeiny.de\/site\/wp-content\/uploads\/2022\/11\/mexican_food_reataurant_in_blyth.jpg\" target=\"_blank\" rel=\"noreferrer noopener\"><img loading=\"lazy\" decoding=\"async\" width=\"1024\" height=\"683\" src=\"https:\/\/gemeiny.de\/site\/wp-content\/uploads\/2022\/11\/mexican_food_reataurant_in_blyth-1024x683.jpg\" alt=\"\" class=\"wp-image-18017\" srcset=\"https:\/\/gemeiny.de\/site\/wp-content\/uploads\/2022\/11\/mexican_food_reataurant_in_blyth-1024x683.jpg 1024w, https:\/\/gemeiny.de\/site\/wp-content\/uploads\/2022\/11\/mexican_food_reataurant_in_blyth-300x200.jpg 300w, https:\/\/gemeiny.de\/site\/wp-content\/uploads\/2022\/11\/mexican_food_reataurant_in_blyth-768x512.jpg 768w, https:\/\/gemeiny.de\/site\/wp-content\/uploads\/2022\/11\/mexican_food_reataurant_in_blyth.jpg 1200w\" sizes=\"auto, (max-width: 1024px) 100vw, 1024px\" \/><\/a><\/figure>\n<\/div>\n\n\n\n<div class=\"wp-block-column is-layout-flow wp-block-column-is-layout-flow\">\n<figure class=\"wp-block-image aligncenter size-large\"><a href=\"https:\/\/gemeiny.de\/site\/wp-content\/uploads\/2022\/11\/truck_mit_blitz_in_blyth.jpg\" target=\"_blank\" rel=\"noreferrer noopener\"><img loading=\"lazy\" decoding=\"async\" width=\"1024\" height=\"683\" src=\"https:\/\/gemeiny.de\/site\/wp-content\/uploads\/2022\/11\/truck_mit_blitz_in_blyth-1024x683.jpg\" alt=\"\" class=\"wp-image-18013\" srcset=\"https:\/\/gemeiny.de\/site\/wp-content\/uploads\/2022\/11\/truck_mit_blitz_in_blyth-1024x683.jpg 1024w, https:\/\/gemeiny.de\/site\/wp-content\/uploads\/2022\/11\/truck_mit_blitz_in_blyth-300x200.jpg 300w, https:\/\/gemeiny.de\/site\/wp-content\/uploads\/2022\/11\/truck_mit_blitz_in_blyth-768x512.jpg 768w, https:\/\/gemeiny.de\/site\/wp-content\/uploads\/2022\/11\/truck_mit_blitz_in_blyth.jpg 1200w\" sizes=\"auto, (max-width: 1024px) 100vw, 1024px\" \/><\/a><\/figure>\n<\/div>\n<\/div>\n\n\n\n<div class=\"wp-block-columns alignfull is-layout-flex wp-container-core-columns-is-layout-28f84493 wp-block-columns-is-layout-flex\">\n<div class=\"wp-block-column is-layout-flow wp-block-column-is-layout-flow\">\n<figure class=\"wp-block-image aligncenter size-full\"><a href=\"https:\/\/gemeiny.de\/site\/wp-content\/uploads\/2022\/11\/altes_werbeschild_sams_in_blyth.jpg\" target=\"_blank\" rel=\"noreferrer noopener\"><img loading=\"lazy\" decoding=\"async\" width=\"1200\" height=\"800\" src=\"https:\/\/gemeiny.de\/site\/wp-content\/uploads\/2022\/11\/altes_werbeschild_sams_in_blyth.jpg\" alt=\"\" class=\"wp-image-18018\" srcset=\"https:\/\/gemeiny.de\/site\/wp-content\/uploads\/2022\/11\/altes_werbeschild_sams_in_blyth.jpg 1200w, https:\/\/gemeiny.de\/site\/wp-content\/uploads\/2022\/11\/altes_werbeschild_sams_in_blyth-300x200.jpg 300w, https:\/\/gemeiny.de\/site\/wp-content\/uploads\/2022\/11\/altes_werbeschild_sams_in_blyth-1024x683.jpg 1024w, https:\/\/gemeiny.de\/site\/wp-content\/uploads\/2022\/11\/altes_werbeschild_sams_in_blyth-768x512.jpg 768w\" sizes=\"auto, (max-width: 1200px) 100vw, 1200px\" \/><\/a><\/figure>\n<\/div>\n<\/div>\n\n\n\n<div class=\"wp-block-columns alignfull is-layout-flex wp-container-core-columns-is-layout-28f84493 wp-block-columns-is-layout-flex\">\n<div class=\"wp-block-column is-layout-flow wp-block-column-is-layout-flow\">\n<figure class=\"wp-block-image aligncenter size-large\"><a href=\"https:\/\/gemeiny.de\/site\/wp-content\/uploads\/2022\/11\/truck_in_blyth.jpg\" target=\"_blank\" rel=\"noreferrer noopener\"><img loading=\"lazy\" decoding=\"async\" width=\"1024\" height=\"683\" src=\"https:\/\/gemeiny.de\/site\/wp-content\/uploads\/2022\/11\/truck_in_blyth-1024x683.jpg\" alt=\"\" class=\"wp-image-18014\" srcset=\"https:\/\/gemeiny.de\/site\/wp-content\/uploads\/2022\/11\/truck_in_blyth-1024x683.jpg 1024w, https:\/\/gemeiny.de\/site\/wp-content\/uploads\/2022\/11\/truck_in_blyth-300x200.jpg 300w, https:\/\/gemeiny.de\/site\/wp-content\/uploads\/2022\/11\/truck_in_blyth-768x512.jpg 768w, https:\/\/gemeiny.de\/site\/wp-content\/uploads\/2022\/11\/truck_in_blyth.jpg 1200w\" sizes=\"auto, (max-width: 1024px) 100vw, 1024px\" \/><\/a><\/figure>\n\n\n\n<p>Riesige Trucks auf der Durchreise quer durch die USA.<br><\/p>\n\n\n\n<figure class=\"wp-block-image aligncenter size-large\"><img loading=\"lazy\" decoding=\"async\" width=\"1024\" height=\"683\" src=\"https:\/\/gemeiny.de\/site\/wp-content\/uploads\/2022\/11\/truck_mit_heuballen_in_blyth-1024x683.jpg\" alt=\"\" class=\"wp-image-18012\" srcset=\"https:\/\/gemeiny.de\/site\/wp-content\/uploads\/2022\/11\/truck_mit_heuballen_in_blyth-1024x683.jpg 1024w, https:\/\/gemeiny.de\/site\/wp-content\/uploads\/2022\/11\/truck_mit_heuballen_in_blyth-300x200.jpg 300w, https:\/\/gemeiny.de\/site\/wp-content\/uploads\/2022\/11\/truck_mit_heuballen_in_blyth-768x512.jpg 768w, https:\/\/gemeiny.de\/site\/wp-content\/uploads\/2022\/11\/truck_mit_heuballen_in_blyth.jpg 1200w\" sizes=\"auto, (max-width: 1024px) 100vw, 1024px\" \/><\/figure>\n<\/div>\n\n\n\n<div class=\"wp-block-column is-layout-flow wp-block-column-is-layout-flow\">\n<figure class=\"wp-block-image aligncenter size-large\"><a href=\"https:\/\/gemeiny.de\/site\/wp-content\/uploads\/2022\/11\/sign_courtesy_coffee_shop.jpg\" target=\"_blank\" rel=\"noreferrer noopener\"><img loading=\"lazy\" decoding=\"async\" width=\"683\" height=\"1024\" src=\"https:\/\/gemeiny.de\/site\/wp-content\/uploads\/2022\/11\/sign_courtesy_coffee_shop-683x1024.jpg\" alt=\"\" class=\"wp-image-18016\" srcset=\"https:\/\/gemeiny.de\/site\/wp-content\/uploads\/2022\/11\/sign_courtesy_coffee_shop-683x1024.jpg 683w, https:\/\/gemeiny.de\/site\/wp-content\/uploads\/2022\/11\/sign_courtesy_coffee_shop-200x300.jpg 200w, https:\/\/gemeiny.de\/site\/wp-content\/uploads\/2022\/11\/sign_courtesy_coffee_shop-768x1152.jpg 768w, https:\/\/gemeiny.de\/site\/wp-content\/uploads\/2022\/11\/sign_courtesy_coffee_shop.jpg 800w\" sizes=\"auto, (max-width: 683px) 100vw, 683px\" \/><\/a><\/figure>\n<\/div>\n<\/div>\n\n\n\n<div class=\"wp-block-columns alignfull is-layout-flex wp-container-core-columns-is-layout-28f84493 wp-block-columns-is-layout-flex\">\n<div class=\"wp-block-column is-layout-flow wp-block-column-is-layout-flow\">\n<figure class=\"wp-block-image aligncenter size-full\"><a href=\"https:\/\/gemeiny.de\/site\/wp-content\/uploads\/2022\/11\/sonnenuntergang_in_blyth.jpg\" target=\"_blank\" rel=\"noreferrer noopener\"><img loading=\"lazy\" decoding=\"async\" width=\"1200\" height=\"800\" src=\"https:\/\/gemeiny.de\/site\/wp-content\/uploads\/2022\/11\/sonnenuntergang_in_blyth.jpg\" alt=\"\" class=\"wp-image-18015\" srcset=\"https:\/\/gemeiny.de\/site\/wp-content\/uploads\/2022\/11\/sonnenuntergang_in_blyth.jpg 1200w, https:\/\/gemeiny.de\/site\/wp-content\/uploads\/2022\/11\/sonnenuntergang_in_blyth-300x200.jpg 300w, https:\/\/gemeiny.de\/site\/wp-content\/uploads\/2022\/11\/sonnenuntergang_in_blyth-1024x683.jpg 1024w, https:\/\/gemeiny.de\/site\/wp-content\/uploads\/2022\/11\/sonnenuntergang_in_blyth-768x512.jpg 768w\" sizes=\"auto, (max-width: 1200px) 100vw, 1200px\" \/><\/a><\/figure>\n<\/div>\n<\/div>\n\n\n\n<div class=\"wp-block-columns alignfull is-layout-flex wp-container-core-columns-is-layout-28f84493 wp-block-columns-is-layout-flex\">\n<div class=\"wp-block-column is-layout-flow wp-block-column-is-layout-flow\">\n<figure class=\"wp-block-image aligncenter size-full\"><a href=\"https:\/\/gemeiny.de\/site\/wp-content\/uploads\/2022\/11\/verlassene_Tankstelle_in_der_Naehe_von_Blyth_Californien_06.jpg\" target=\"_blank\" rel=\"noreferrer noopener\"><img loading=\"lazy\" decoding=\"async\" width=\"1200\" height=\"800\" src=\"https:\/\/gemeiny.de\/site\/wp-content\/uploads\/2022\/11\/verlassene_Tankstelle_in_der_Naehe_von_Blyth_Californien_06.jpg\" alt=\"\" class=\"wp-image-18007\" srcset=\"https:\/\/gemeiny.de\/site\/wp-content\/uploads\/2022\/11\/verlassene_Tankstelle_in_der_Naehe_von_Blyth_Californien_06.jpg 1200w, https:\/\/gemeiny.de\/site\/wp-content\/uploads\/2022\/11\/verlassene_Tankstelle_in_der_Naehe_von_Blyth_Californien_06-300x200.jpg 300w, https:\/\/gemeiny.de\/site\/wp-content\/uploads\/2022\/11\/verlassene_Tankstelle_in_der_Naehe_von_Blyth_Californien_06-1024x683.jpg 1024w, https:\/\/gemeiny.de\/site\/wp-content\/uploads\/2022\/11\/verlassene_Tankstelle_in_der_Naehe_von_Blyth_Californien_06-768x512.jpg 768w\" sizes=\"auto, (max-width: 1200px) 100vw, 1200px\" \/><\/a><\/figure>\n<\/div>\n<\/div>\n\n\n\n<div class=\"wp-block-columns alignfull is-layout-flex wp-container-core-columns-is-layout-28f84493 wp-block-columns-is-layout-flex\">\n<div class=\"wp-block-column is-layout-flow wp-block-column-is-layout-flow\">\n<figure class=\"wp-block-image aligncenter size-large\"><a href=\"https:\/\/gemeiny.de\/site\/wp-content\/uploads\/2022\/11\/verlassene_Tankstelle_in_der_Naehe_von_Blyth_Californien_05.jpg\" target=\"_blank\" rel=\"noreferrer noopener\"><img loading=\"lazy\" decoding=\"async\" width=\"1024\" height=\"683\" src=\"https:\/\/gemeiny.de\/site\/wp-content\/uploads\/2022\/11\/verlassene_Tankstelle_in_der_Naehe_von_Blyth_Californien_05-1024x683.jpg\" alt=\"\" class=\"wp-image-18008\" srcset=\"https:\/\/gemeiny.de\/site\/wp-content\/uploads\/2022\/11\/verlassene_Tankstelle_in_der_Naehe_von_Blyth_Californien_05-1024x683.jpg 1024w, https:\/\/gemeiny.de\/site\/wp-content\/uploads\/2022\/11\/verlassene_Tankstelle_in_der_Naehe_von_Blyth_Californien_05-300x200.jpg 300w, https:\/\/gemeiny.de\/site\/wp-content\/uploads\/2022\/11\/verlassene_Tankstelle_in_der_Naehe_von_Blyth_Californien_05-768x512.jpg 768w, https:\/\/gemeiny.de\/site\/wp-content\/uploads\/2022\/11\/verlassene_Tankstelle_in_der_Naehe_von_Blyth_Californien_05.jpg 1200w\" sizes=\"auto, (max-width: 1024px) 100vw, 1024px\" \/><\/a><\/figure>\n<\/div>\n\n\n\n<div class=\"wp-block-column is-layout-flow wp-block-column-is-layout-flow\">\n<figure class=\"wp-block-image aligncenter size-large\"><a href=\"https:\/\/gemeiny.de\/site\/wp-content\/uploads\/2022\/11\/alter_eisenbahnwagon_in_desert_center.jpg\" target=\"_blank\" rel=\"noreferrer noopener\"><img loading=\"lazy\" decoding=\"async\" width=\"1024\" height=\"683\" src=\"https:\/\/gemeiny.de\/site\/wp-content\/uploads\/2022\/11\/alter_eisenbahnwagon_in_desert_center-1024x683.jpg\" alt=\"\" class=\"wp-image-18019\" srcset=\"https:\/\/gemeiny.de\/site\/wp-content\/uploads\/2022\/11\/alter_eisenbahnwagon_in_desert_center-1024x683.jpg 1024w, https:\/\/gemeiny.de\/site\/wp-content\/uploads\/2022\/11\/alter_eisenbahnwagon_in_desert_center-300x200.jpg 300w, https:\/\/gemeiny.de\/site\/wp-content\/uploads\/2022\/11\/alter_eisenbahnwagon_in_desert_center-768x512.jpg 768w, https:\/\/gemeiny.de\/site\/wp-content\/uploads\/2022\/11\/alter_eisenbahnwagon_in_desert_center.jpg 1200w\" sizes=\"auto, (max-width: 1024px) 100vw, 1024px\" \/><\/a><\/figure>\n<\/div>\n<\/div>\n<\/div>\n","protected":false},"excerpt":{"rendered":"<p>Zwischenstop im W\u00fcstennest Desert Center in Kalifornien, USA<\/p>\n","protected":false},"author":1,"featured_media":18004,"comment_status":"open","ping_status":"open","sticky":false,"template":"single-no-separators","format":"standard","meta":{"footnotes":""},"categories":[15],"tags":[87,88,77,89,19,90],"class_list":["post-17053","post","type-post","status-publish","format-standard","has-post-thumbnail","hentry","category-reise","tag-desert","tag-kalifornien","tag-reise","tag-roadtrip","tag-usa","tag-wueste"],"yoast_head":"<!-- This site is optimized with the Yoast SEO plugin v24.6 - https:\/\/yoast.com\/wordpress\/plugins\/seo\/ -->\n<title>Blythe CA und Desert Center - Gemeiny.de<\/title>\n<meta name=\"robots\" content=\"index, follow, max-snippet:-1, max-image-preview:large, max-video-preview:-1\" \/>\n<link rel=\"canonical\" href=\"https:\/\/gemeiny.de\/site\/2020\/09\/12\/desert-center\/\" \/>\n<meta property=\"og:locale\" content=\"de_DE\" \/>\n<meta property=\"og:type\" content=\"article\" \/>\n<meta property=\"og:title\" content=\"Blythe CA und Desert Center - Gemeiny.de\" \/>\n<meta property=\"og:description\" content=\"Zwischenstop im W\u00fcstennest Desert Center in Kalifornien, USA\" \/>\n<meta property=\"og:url\" content=\"https:\/\/gemeiny.de\/site\/2020\/09\/12\/desert-center\/\" \/>\n<meta property=\"og:site_name\" content=\"Gemeiny.de\" \/>\n<meta property=\"article:published_time\" content=\"2020-09-12T11:14:37+00:00\" \/>\n<meta property=\"article:modified_time\" content=\"2023-08-13T12:36:22+00:00\" \/>\n<meta property=\"og:image\" content=\"https:\/\/gemeiny.de\/site\/wp-content\/uploads\/2020\/09\/verlassene_Tankstelle_in_der_Naehe_von_Blyth_Californien.jpg\" \/>\n\t<meta property=\"og:image:width\" content=\"1920\" \/>\n\t<meta property=\"og:image:height\" content=\"1080\" \/>\n\t<meta property=\"og:image:type\" content=\"image\/jpeg\" \/>\n<meta name=\"author\" content=\"Frank\" \/>\n<meta name=\"twitter:card\" content=\"summary_large_image\" \/>\n<meta name=\"twitter:label1\" content=\"Verfasst von\" \/>\n\t<meta name=\"twitter:data1\" content=\"Frank\" \/>\n\t<meta name=\"twitter:label2\" content=\"Gesch\u00e4tzte Lesezeit\" \/>\n\t<meta name=\"twitter:data2\" content=\"4\u00a0Minuten\" \/>\n<script type=\"application\/ld+json\" class=\"yoast-schema-graph\">{\"@context\":\"https:\/\/schema.org\",\"@graph\":[{\"@type\":\"Article\",\"@id\":\"https:\/\/gemeiny.de\/site\/2020\/09\/12\/desert-center\/#article\",\"isPartOf\":{\"@id\":\"https:\/\/gemeiny.de\/site\/2020\/09\/12\/desert-center\/\"},\"author\":{\"name\":\"Frank\",\"@id\":\"https:\/\/gemeiny.de\/site\/#\/schema\/person\/3e9ca6444dfff9c57d8a1bb8d71f3b09\"},\"headline\":\"Blythe CA und Desert Center\",\"datePublished\":\"2020-09-12T11:14:37+00:00\",\"dateModified\":\"2023-08-13T12:36:22+00:00\",\"mainEntityOfPage\":{\"@id\":\"https:\/\/gemeiny.de\/site\/2020\/09\/12\/desert-center\/\"},\"wordCount\":204,\"commentCount\":0,\"publisher\":{\"@id\":\"https:\/\/gemeiny.de\/site\/#\/schema\/person\/09d622fe6b4d945e89688af1af19e998\"},\"image\":{\"@id\":\"https:\/\/gemeiny.de\/site\/2020\/09\/12\/desert-center\/#primaryimage\"},\"thumbnailUrl\":\"https:\/\/gemeiny.de\/site\/wp-content\/uploads\/2020\/09\/verlassene_Tankstelle_in_der_Naehe_von_Blyth_Californien.jpg\",\"keywords\":[\"desert\",\"kalifornien\",\"reise\",\"roadtrip\",\"USA\",\"w\u00fcste\"],\"articleSection\":[\"Reise\"],\"inLanguage\":\"de\",\"potentialAction\":[{\"@type\":\"CommentAction\",\"name\":\"Comment\",\"target\":[\"https:\/\/gemeiny.de\/site\/2020\/09\/12\/desert-center\/#respond\"]}]},{\"@type\":\"WebPage\",\"@id\":\"https:\/\/gemeiny.de\/site\/2020\/09\/12\/desert-center\/\",\"url\":\"https:\/\/gemeiny.de\/site\/2020\/09\/12\/desert-center\/\",\"name\":\"Blythe CA und Desert Center - Gemeiny.de\",\"isPartOf\":{\"@id\":\"https:\/\/gemeiny.de\/site\/#website\"},\"primaryImageOfPage\":{\"@id\":\"https:\/\/gemeiny.de\/site\/2020\/09\/12\/desert-center\/#primaryimage\"},\"image\":{\"@id\":\"https:\/\/gemeiny.de\/site\/2020\/09\/12\/desert-center\/#primaryimage\"},\"thumbnailUrl\":\"https:\/\/gemeiny.de\/site\/wp-content\/uploads\/2020\/09\/verlassene_Tankstelle_in_der_Naehe_von_Blyth_Californien.jpg\",\"datePublished\":\"2020-09-12T11:14:37+00:00\",\"dateModified\":\"2023-08-13T12:36:22+00:00\",\"breadcrumb\":{\"@id\":\"https:\/\/gemeiny.de\/site\/2020\/09\/12\/desert-center\/#breadcrumb\"},\"inLanguage\":\"de\",\"potentialAction\":[{\"@type\":\"ReadAction\",\"target\":[\"https:\/\/gemeiny.de\/site\/2020\/09\/12\/desert-center\/\"]}]},{\"@type\":\"ImageObject\",\"inLanguage\":\"de\",\"@id\":\"https:\/\/gemeiny.de\/site\/2020\/09\/12\/desert-center\/#primaryimage\",\"url\":\"https:\/\/gemeiny.de\/site\/wp-content\/uploads\/2020\/09\/verlassene_Tankstelle_in_der_Naehe_von_Blyth_Californien.jpg\",\"contentUrl\":\"https:\/\/gemeiny.de\/site\/wp-content\/uploads\/2020\/09\/verlassene_Tankstelle_in_der_Naehe_von_Blyth_Californien.jpg\",\"width\":1920,\"height\":1080},{\"@type\":\"BreadcrumbList\",\"@id\":\"https:\/\/gemeiny.de\/site\/2020\/09\/12\/desert-center\/#breadcrumb\",\"itemListElement\":[{\"@type\":\"ListItem\",\"position\":1,\"name\":\"Startseite\",\"item\":\"https:\/\/gemeiny.de\/site\/\"},{\"@type\":\"ListItem\",\"position\":2,\"name\":\"Blythe CA und Desert Center\"}]},{\"@type\":\"WebSite\",\"@id\":\"https:\/\/gemeiny.de\/site\/#website\",\"url\":\"https:\/\/gemeiny.de\/site\/\",\"name\":\"Gemeiny.de \u00b7 Frank Gemeinhardt Fotografie\",\"description\":\"Frank Gemeinhardt - Fotografie &amp; Design\",\"publisher\":{\"@id\":\"https:\/\/gemeiny.de\/site\/#\/schema\/person\/09d622fe6b4d945e89688af1af19e998\"},\"potentialAction\":[{\"@type\":\"SearchAction\",\"target\":{\"@type\":\"EntryPoint\",\"urlTemplate\":\"https:\/\/gemeiny.de\/site\/?s={search_term_string}\"},\"query-input\":{\"@type\":\"PropertyValueSpecification\",\"valueRequired\":true,\"valueName\":\"search_term_string\"}}],\"inLanguage\":\"de\"},{\"@type\":[\"Person\",\"Organization\"],\"@id\":\"https:\/\/gemeiny.de\/site\/#\/schema\/person\/09d622fe6b4d945e89688af1af19e998\",\"name\":\"Frank Gemeinhardt\",\"image\":{\"@type\":\"ImageObject\",\"inLanguage\":\"de\",\"@id\":\"https:\/\/gemeiny.de\/site\/#\/schema\/person\/image\/\",\"url\":\"https:\/\/gemeiny.de\/site\/wp-content\/uploads\/2022\/10\/fg-logo-1.png\",\"contentUrl\":\"https:\/\/gemeiny.de\/site\/wp-content\/uploads\/2022\/10\/fg-logo-1.png\",\"width\":300,\"height\":90,\"caption\":\"Frank Gemeinhardt\"},\"logo\":{\"@id\":\"https:\/\/gemeiny.de\/site\/#\/schema\/person\/image\/\"},\"sameAs\":[\"http:\/\/www.gemeiny.de\"]},{\"@type\":\"Person\",\"@id\":\"https:\/\/gemeiny.de\/site\/#\/schema\/person\/3e9ca6444dfff9c57d8a1bb8d71f3b09\",\"name\":\"Frank\",\"image\":{\"@type\":\"ImageObject\",\"inLanguage\":\"de\",\"@id\":\"https:\/\/gemeiny.de\/site\/#\/schema\/person\/image\/\",\"url\":\"https:\/\/secure.gravatar.com\/avatar\/682ee4023094c252663c6bf2739cd2177d8cec3e3c52a209abaa87dd251f57fa?s=96&d=mm&r=g\",\"contentUrl\":\"https:\/\/secure.gravatar.com\/avatar\/682ee4023094c252663c6bf2739cd2177d8cec3e3c52a209abaa87dd251f57fa?s=96&d=mm&r=g\",\"caption\":\"Frank\"},\"sameAs\":[\"http:\/\/gemeiny.de\/site\"],\"url\":\"https:\/\/gemeiny.de\/site\/author\/web1207\/\"}]}<\/script>\n<!-- \/ Yoast SEO plugin. -->","yoast_head_json":{"title":"Blythe CA und Desert Center - Gemeiny.de","robots":{"index":"index","follow":"follow","max-snippet":"max-snippet:-1","max-image-preview":"max-image-preview:large","max-video-preview":"max-video-preview:-1"},"canonical":"https:\/\/gemeiny.de\/site\/2020\/09\/12\/desert-center\/","og_locale":"de_DE","og_type":"article","og_title":"Blythe CA und Desert Center - Gemeiny.de","og_description":"Zwischenstop im W\u00fcstennest Desert Center in Kalifornien, USA","og_url":"https:\/\/gemeiny.de\/site\/2020\/09\/12\/desert-center\/","og_site_name":"Gemeiny.de","article_published_time":"2020-09-12T11:14:37+00:00","article_modified_time":"2023-08-13T12:36:22+00:00","og_image":[{"width":1920,"height":1080,"url":"https:\/\/gemeiny.de\/site\/wp-content\/uploads\/2020\/09\/verlassene_Tankstelle_in_der_Naehe_von_Blyth_Californien.jpg","type":"image\/jpeg"}],"author":"Frank","twitter_card":"summary_large_image","twitter_misc":{"Verfasst von":"Frank","Gesch\u00e4tzte Lesezeit":"4\u00a0Minuten"},"schema":{"@context":"https:\/\/schema.org","@graph":[{"@type":"Article","@id":"https:\/\/gemeiny.de\/site\/2020\/09\/12\/desert-center\/#article","isPartOf":{"@id":"https:\/\/gemeiny.de\/site\/2020\/09\/12\/desert-center\/"},"author":{"name":"Frank","@id":"https:\/\/gemeiny.de\/site\/#\/schema\/person\/3e9ca6444dfff9c57d8a1bb8d71f3b09"},"headline":"Blythe CA und Desert Center","datePublished":"2020-09-12T11:14:37+00:00","dateModified":"2023-08-13T12:36:22+00:00","mainEntityOfPage":{"@id":"https:\/\/gemeiny.de\/site\/2020\/09\/12\/desert-center\/"},"wordCount":204,"commentCount":0,"publisher":{"@id":"https:\/\/gemeiny.de\/site\/#\/schema\/person\/09d622fe6b4d945e89688af1af19e998"},"image":{"@id":"https:\/\/gemeiny.de\/site\/2020\/09\/12\/desert-center\/#primaryimage"},"thumbnailUrl":"https:\/\/gemeiny.de\/site\/wp-content\/uploads\/2020\/09\/verlassene_Tankstelle_in_der_Naehe_von_Blyth_Californien.jpg","keywords":["desert","kalifornien","reise","roadtrip","USA","w\u00fcste"],"articleSection":["Reise"],"inLanguage":"de","potentialAction":[{"@type":"CommentAction","name":"Comment","target":["https:\/\/gemeiny.de\/site\/2020\/09\/12\/desert-center\/#respond"]}]},{"@type":"WebPage","@id":"https:\/\/gemeiny.de\/site\/2020\/09\/12\/desert-center\/","url":"https:\/\/gemeiny.de\/site\/2020\/09\/12\/desert-center\/","name":"Blythe CA und Desert Center - Gemeiny.de","isPartOf":{"@id":"https:\/\/gemeiny.de\/site\/#website"},"primaryImageOfPage":{"@id":"https:\/\/gemeiny.de\/site\/2020\/09\/12\/desert-center\/#primaryimage"},"image":{"@id":"https:\/\/gemeiny.de\/site\/2020\/09\/12\/desert-center\/#primaryimage"},"thumbnailUrl":"https:\/\/gemeiny.de\/site\/wp-content\/uploads\/2020\/09\/verlassene_Tankstelle_in_der_Naehe_von_Blyth_Californien.jpg","datePublished":"2020-09-12T11:14:37+00:00","dateModified":"2023-08-13T12:36:22+00:00","breadcrumb":{"@id":"https:\/\/gemeiny.de\/site\/2020\/09\/12\/desert-center\/#breadcrumb"},"inLanguage":"de","potentialAction":[{"@type":"ReadAction","target":["https:\/\/gemeiny.de\/site\/2020\/09\/12\/desert-center\/"]}]},{"@type":"ImageObject","inLanguage":"de","@id":"https:\/\/gemeiny.de\/site\/2020\/09\/12\/desert-center\/#primaryimage","url":"https:\/\/gemeiny.de\/site\/wp-content\/uploads\/2020\/09\/verlassene_Tankstelle_in_der_Naehe_von_Blyth_Californien.jpg","contentUrl":"https:\/\/gemeiny.de\/site\/wp-content\/uploads\/2020\/09\/verlassene_Tankstelle_in_der_Naehe_von_Blyth_Californien.jpg","width":1920,"height":1080},{"@type":"BreadcrumbList","@id":"https:\/\/gemeiny.de\/site\/2020\/09\/12\/desert-center\/#breadcrumb","itemListElement":[{"@type":"ListItem","position":1,"name":"Startseite","item":"https:\/\/gemeiny.de\/site\/"},{"@type":"ListItem","position":2,"name":"Blythe CA und Desert Center"}]},{"@type":"WebSite","@id":"https:\/\/gemeiny.de\/site\/#website","url":"https:\/\/gemeiny.de\/site\/","name":"Gemeiny.de \u00b7 Frank Gemeinhardt Fotografie","description":"Frank Gemeinhardt - Fotografie &amp; Design","publisher":{"@id":"https:\/\/gemeiny.de\/site\/#\/schema\/person\/09d622fe6b4d945e89688af1af19e998"},"potentialAction":[{"@type":"SearchAction","target":{"@type":"EntryPoint","urlTemplate":"https:\/\/gemeiny.de\/site\/?s={search_term_string}"},"query-input":{"@type":"PropertyValueSpecification","valueRequired":true,"valueName":"search_term_string"}}],"inLanguage":"de"},{"@type":["Person","Organization"],"@id":"https:\/\/gemeiny.de\/site\/#\/schema\/person\/09d622fe6b4d945e89688af1af19e998","name":"Frank Gemeinhardt","image":{"@type":"ImageObject","inLanguage":"de","@id":"https:\/\/gemeiny.de\/site\/#\/schema\/person\/image\/","url":"https:\/\/gemeiny.de\/site\/wp-content\/uploads\/2022\/10\/fg-logo-1.png","contentUrl":"https:\/\/gemeiny.de\/site\/wp-content\/uploads\/2022\/10\/fg-logo-1.png","width":300,"height":90,"caption":"Frank Gemeinhardt"},"logo":{"@id":"https:\/\/gemeiny.de\/site\/#\/schema\/person\/image\/"},"sameAs":["http:\/\/www.gemeiny.de"]},{"@type":"Person","@id":"https:\/\/gemeiny.de\/site\/#\/schema\/person\/3e9ca6444dfff9c57d8a1bb8d71f3b09","name":"Frank","image":{"@type":"ImageObject","inLanguage":"de","@id":"https:\/\/gemeiny.de\/site\/#\/schema\/person\/image\/","url":"https:\/\/secure.gravatar.com\/avatar\/682ee4023094c252663c6bf2739cd2177d8cec3e3c52a209abaa87dd251f57fa?s=96&d=mm&r=g","contentUrl":"https:\/\/secure.gravatar.com\/avatar\/682ee4023094c252663c6bf2739cd2177d8cec3e3c52a209abaa87dd251f57fa?s=96&d=mm&r=g","caption":"Frank"},"sameAs":["http:\/\/gemeiny.de\/site"],"url":"https:\/\/gemeiny.de\/site\/author\/web1207\/"}]}},"_links":{"self":[{"href":"https:\/\/gemeiny.de\/site\/wp-json\/wp\/v2\/posts\/17053","targetHints":{"allow":["GET"]}}],"collection":[{"href":"https:\/\/gemeiny.de\/site\/wp-json\/wp\/v2\/posts"}],"about":[{"href":"https:\/\/gemeiny.de\/site\/wp-json\/wp\/v2\/types\/post"}],"author":[{"embeddable":true,"href":"https:\/\/gemeiny.de\/site\/wp-json\/wp\/v2\/users\/1"}],"replies":[{"embeddable":true,"href":"https:\/\/gemeiny.de\/site\/wp-json\/wp\/v2\/comments?post=17053"}],"version-history":[{"count":14,"href":"https:\/\/gemeiny.de\/site\/wp-json\/wp\/v2\/posts\/17053\/revisions"}],"predecessor-version":[{"id":18108,"href":"https:\/\/gemeiny.de\/site\/wp-json\/wp\/v2\/posts\/17053\/revisions\/18108"}],"wp:featuredmedia":[{"embeddable":true,"href":"https:\/\/gemeiny.de\/site\/wp-json\/wp\/v2\/media\/18004"}],"wp:attachment":[{"href":"https:\/\/gemeiny.de\/site\/wp-json\/wp\/v2\/media?parent=17053"}],"wp:term":[{"taxonomy":"category","embeddable":true,"href":"https:\/\/gemeiny.de\/site\/wp-json\/wp\/v2\/categories?post=17053"},{"taxonomy":"post_tag","embeddable":true,"href":"https:\/\/gemeiny.de\/site\/wp-json\/wp\/v2\/tags?post=17053"}],"curies":[{"name":"wp","href":"https:\/\/api.w.org\/{rel}","templated":true}]}}